{"id":10189,"date":"2022-12-05T16:19:15","date_gmt":"2022-12-05T16:19:15","guid":{"rendered":"https:\/\/gruene-fraktion.la\/?p=10189"},"modified":"2022-12-05T16:22:05","modified_gmt":"2022-12-05T16:22:05","slug":"ottonianum-jugendherberge-bleibt-geoeffnet","status":"publish","type":"post","link":"https:\/\/gruene-fraktion.la\/?p=10189","title":{"rendered":"Ottonianum: Jugendherberge bleibt ge\u00f6ffnet"},"content":{"rendered":"\n<p>Das B\u00fcrgerbegehren \u201eRettet die Jugendherberge&nbsp; &#8211;&nbsp; Ja zum Ottonianum\u201c hat einen ersten Etappensieg erzielt: Der Betreib geht vorerst bis Ende 2023 weiter. Im Gegenzug haben sich die Initiatoren des Begehrens bereit erkl\u00e4rt, die Frist f\u00fcr einen m\u00f6glichen B\u00fcrgerentscheid auf sechs Monate zu verl\u00e4ngern. Die Fraktion B\u00fcndnis 90\/Die Gr\u00fcnen begr\u00fc\u00dft die Entscheidung des Stadtrats f\u00fcr den vorl\u00e4ufigen Weiterbetrieb der Jugendherberge. \u201eEs ist ein erstes, wichtiges Signal an die vielen Unterzeichner*innen des B\u00fcrgerbegehrens\u201c, so Gr\u00fcnen-Stadtr\u00e4tin Sigi Hagl. Allerdings ist damit das Begehren noch nicht erf\u00fcllt. F\u00fcr eine dauerhafte Sicherung des Jugendherbergsbetriebs im Ottonianum muss die Stadt nun aktiv werden. \u201eMit einer einmaligen Ausschreibung wird es nicht getan sein. Wenn der Stadtrat das Begehren glaubhaft \u00fcbernehmen will, dann sind dazu sicherlich gr\u00f6\u00dfere Anstrengungen erforderlich. Es m\u00fcssen alle in Frage kommenden Finanzierungsm\u00f6glichkeiten \u00fcber Investoren ausgelotet werden und entsprechende Projektmodelle erarbeitet werden. Der B\u00fcrgerwille ist hier eindeutig und es sollte unser aller gemeinsames Ziel sein, die Jugendherberge im Ottonianum, die zu den sch\u00f6nsten Jugendherbergen in ganz Bayern z\u00e4hlt, zu erhalten.\u201c<\/p>\n\n\n\n<p>Der Stadtrat hat das B\u00fcrgerbegehren mit 4.394 g\u00fcltigen Unterschriften im letzten Plenum f\u00fcr zul\u00e4ssig erkl\u00e4rt und gleichzeitig den Weiterbetrieb der Jugendherberge bis Ende 2023 beschlossen. Ob es im n\u00e4chsten Jahr zum B\u00fcrgerentscheid kommt, ist noch unklar. \u00dcber eine eventuelle \u00dcbernahme des Begehrens entscheidet der Stadtrat Anfang n\u00e4chsten Jahres.<\/p>\n","protected":false},"excerpt":{"rendered":"<p>Das B\u00fcrgerbegehren \u201eRettet die Jugendherberge&nbsp; &#8211;&nbsp; Ja zum Ottonianum\u201c hat einen ersten Etappensieg erzielt: Der Betreib geht vorerst bis Ende 2023 weiter. Im Gegenzug haben sich die Initiatoren des Begehrens&#8230; <\/p>\n","protected":false},"author":1,"featured_media":10018,"comment_status":"open","ping_status":"open","sticky":false,"template":"","format":"standard","meta":{"_eb_attr":"","footnotes":""},"categories":[44,48,12],"tags":[],"class_list":["post-10189","post","type-post","status-publish","format-standard","has-post-thumbnail","hentry","category-buergerbeteiligung","category-tourismus","category-jugend"],"_links":{"self":[{"href":"https:\/\/gruene-fraktion.la\/index.php?rest_route=\/wp\/v2\/posts\/10189","targetHints":{"allow":["GET"]}}],"collection":[{"href":"https:\/\/gruene-fraktion.la\/index.php?rest_route=\/wp\/v2\/posts"}],"about":[{"href":"https:\/\/gruene-fraktion.la\/index.php?rest_route=\/wp\/v2\/types\/post"}],"author":[{"embeddable":true,"href":"https:\/\/gruene-fraktion.la\/index.php?rest_route=\/wp\/v2\/users\/1"}],"replies":[{"embeddable":true,"href":"https:\/\/gruene-fraktion.la\/index.php?rest_route=%2Fwp%2Fv2%2Fcomments&post=10189"}],"version-history":[{"count":1,"href":"https:\/\/gruene-fraktion.la\/index.php?rest_route=\/wp\/v2\/posts\/10189\/revisions"}],"predecessor-version":[{"id":10190,"href":"https:\/\/gruene-fraktion.la\/index.php?rest_route=\/wp\/v2\/posts\/10189\/revisions\/10190"}],"wp:featuredmedia":[{"embeddable":true,"href":"https:\/\/gruene-fraktion.la\/index.php?rest_route=\/wp\/v2\/media\/10018"}],"wp:attachment":[{"href":"https:\/\/gruene-fraktion.la\/index.php?rest_route=%2Fwp%2Fv2%2Fmedia&parent=10189"}],"wp:term":[{"taxonomy":"category","embeddable":true,"href":"https:\/\/gruene-fraktion.la\/index.php?rest_route=%2Fwp%2Fv2%2Fcategories&post=10189"},{"taxonomy":"post_tag","embeddable":true,"href":"https:\/\/gruene-fraktion.la\/index.php?rest_route=%2Fwp%2Fv2%2Ftags&post=10189"}],"curies":[{"name":"wp","href":"https:\/\/api.w.org\/{rel}","templated":true}]}}