{"id":10213,"date":"2022-12-16T11:21:11","date_gmt":"2022-12-16T11:21:11","guid":{"rendered":"https:\/\/gruene-fraktion.la\/?p=10213"},"modified":"2023-01-16T13:46:11","modified_gmt":"2023-01-16T13:46:11","slug":"unbedingt-vormerken-2023-findet-unser-neujahrsfruehstueck-wieder-statt","status":"publish","type":"post","link":"https:\/\/gruene-fraktion.la\/?p=10213","title":{"rendered":"2023 findet unser Neujahrsfr\u00fchst\u00fcck wieder statt!"},"content":{"rendered":"\n<p>Die Stadtratsfraktion m\u00f6chte gerne mit Ihnen gemeinsam das neue Jahr beginnen und l\u00e4dt Sie sehr herzlich ein zum traditionellen Neujahrsfr\u00fchst\u00fcck am Sonntag, den 15. Januar 2023 in die Zentrale zum Rieblwirt. Bei einem Glas Sekt oder Selters und einem leckeren Bio-Fr\u00fchst\u00fcck blicken wir zur\u00fcck auf die politische Arbeit des vergangenen Jahres und geben einen Ausblick auf das Jahr 2023. Viel Gelegenheit, um die politischen Anliegen in unserer Stadt mit unseren Gr\u00fcnen Stadtr\u00e4t*innen zu besprechen. Wir freuen uns auf interessante Stunden und anregende Gespr\u00e4che mit Ihnen! Beginn: 10:30 Uhr.<\/p>\n\n\n\n<p>Wir bitten um Anmeldung bis 10. Januar 2023 unter fraktion.gruene@landshut.de I Tel.: 0871\/88-17 90<\/p>\n\n\n\n<p><\/p>\n","protected":false},"excerpt":{"rendered":"<p>Die Stadtratsfraktion m\u00f6chte gerne mit Ihnen gemeinsam das neue Jahr beginnen und l\u00e4dt Sie sehr herzlich ein zum traditionellen Neujahrsfr\u00fchst\u00fcck am Sonntag, den 15. Januar 2023 in die Zentrale zum&#8230; <\/p>\n","protected":false},"author":1,"featured_media":10229,"comment_status":"open","ping_status":"open","sticky":false,"template":"","format":"standard","meta":{"_eb_attr":"","footnotes":""},"categories":[4],"tags":[],"class_list":["post-10213","post","type-post","status-publish","format-standard","has-post-thumbnail","hentry","category-termine"],"_links":{"self":[{"href":"https:\/\/gruene-fraktion.la\/index.php?rest_route=\/wp\/v2\/posts\/10213","targetHints":{"allow":["GET"]}}],"collection":[{"href":"https:\/\/gruene-fraktion.la\/index.php?rest_route=\/wp\/v2\/posts"}],"about":[{"href":"https:\/\/gruene-fraktion.la\/index.php?rest_route=\/wp\/v2\/types\/post"}],"author":[{"embeddable":true,"href":"https:\/\/gruene-fraktion.la\/index.php?rest_route=\/wp\/v2\/users\/1"}],"replies":[{"embeddable":true,"href":"https:\/\/gruene-fraktion.la\/index.php?rest_route=%2Fwp%2Fv2%2Fcomments&post=10213"}],"version-history":[{"count":6,"href":"https:\/\/gruene-fraktion.la\/index.php?rest_route=\/wp\/v2\/posts\/10213\/revisions"}],"predecessor-version":[{"id":10249,"href":"https:\/\/gruene-fraktion.la\/index.php?rest_route=\/wp\/v2\/posts\/10213\/revisions\/10249"}],"wp:featuredmedia":[{"embeddable":true,"href":"https:\/\/gruene-fraktion.la\/index.php?rest_route=\/wp\/v2\/media\/10229"}],"wp:attachment":[{"href":"https:\/\/gruene-fraktion.la\/index.php?rest_route=%2Fwp%2Fv2%2Fmedia&parent=10213"}],"wp:term":[{"taxonomy":"category","embeddable":true,"href":"https:\/\/gruene-fraktion.la\/index.php?rest_route=%2Fwp%2Fv2%2Fcategories&post=10213"},{"taxonomy":"post_tag","embeddable":true,"href":"https:\/\/gruene-fraktion.la\/index.php?rest_route=%2Fwp%2Fv2%2Ftags&post=10213"}],"curies":[{"name":"wp","href":"https:\/\/api.w.org\/{rel}","templated":true}]}}