{"id":10258,"date":"2023-01-26T20:24:04","date_gmt":"2023-01-26T20:24:04","guid":{"rendered":"https:\/\/gruene-fraktion.la\/?p=10258"},"modified":"2023-01-26T20:30:45","modified_gmt":"2023-01-26T20:30:45","slug":"ochsenau-diese-oekologisch-wertvolle-flaeche-gilt-es-zu-schuetzen","status":"publish","type":"post","link":"https:\/\/gruene-fraktion.la\/?p=10258","title":{"rendered":"Ochsenau: Diese \u00f6kologisch wertvolle Fl\u00e4che gilt es zu sch\u00fctzen"},"content":{"rendered":"\n<p>Die Stadtratsfraktion der Gr\u00fcnen begr\u00fc\u00dft die Neupositionierung des Bund Naturschutzes zur Ochsenau, in der einer Wohnbebauung eine klare Absage erteilt wird. Mit der Ank\u00fcndigung des Landesbundes f\u00fcr Vogelschutz, notfalls auch gegen eine Bebauung zu klagen und der Neubewertung des BN er\u00f6ffnet sich nun doch noch die Chance, diese f\u00fcr die Artenvielfalt so bedeutenden Fl\u00e4che zu erhalten, zeigt sich Gr\u00fcnen-Fraktionsvorsitzender Stefan Gruber zuversichtlich.<\/p>\n\n\n<div class=\"wp-block-image\">\n<figure class=\"alignleft size-full is-resized\"><img decoding=\"async\" src=\"https:\/\/gruene-fraktion.la\/wp-content\/uploads\/2023\/01\/Stefan_Gruber_Foto-510x450-1.jpg\" alt=\"\" class=\"wp-image-10260\" width=\"223\" height=\"197\" srcset=\"https:\/\/gruene-fraktion.la\/wp-content\/uploads\/2023\/01\/Stefan_Gruber_Foto-510x450-1.jpg 510w, https:\/\/gruene-fraktion.la\/wp-content\/uploads\/2023\/01\/Stefan_Gruber_Foto-510x450-1-400x353.jpg 400w, https:\/\/gruene-fraktion.la\/wp-content\/uploads\/2023\/01\/Stefan_Gruber_Foto-510x450-1-150x132.jpg 150w\" sizes=\"(max-width: 223px) 100vw, 223px\" \/><\/figure>\n<\/div>\n\n\n<p> \u201eDas Artensterben findet \u00fcberall statt \u2013 auch hier bei uns in Landshut. Mit ihrem Kalkmagerrasen ist die Ochsenau Lebensraum f\u00fcr seltene Tier- und Pflanzenarten. Diese \u00f6kologisch wertvolle Fl\u00e4che gilt es zu sch\u00fctzen und zu erhalten&nbsp; &#8211;&nbsp; nicht zu bebauen. Denn eine wachsende Stadt, die ihre wertvollen Gr\u00fcnfl\u00e4chen nicht sch\u00fctzt, verliert Lebensqualit\u00e4t f\u00fcr Mensch und Natur,\u201c so Gruber.<\/p>\n\n\n\n<p>Gegen eine Bebauung auf dem ca. 11 Hektar gro\u00dfen Gebiet sprach sich auch ein von der Stadt in Auftrage gegebenes Gutachten aus dem Jahr 2018 aus, in dem es w\u00f6rtlich hei\u00dft: \u201eAlles in allem kann ich [Gutachterin Dipl. Ing. Angelika Ruhland] mit Nachdruck empfehlen, die Untersuchungsfl\u00e4che an der \u201aOchsenau\u2018 nicht zu bebauen.\u201c <\/p>\n\n\n<div class=\"wp-block-image\">\n<figure class=\"alignright size-large is-resized\"><img decoding=\"async\" src=\"https:\/\/gruene-fraktion.la\/wp-content\/uploads\/2020\/05\/6_Rabl_Flyer-800x600.jpg\" alt=\"\" class=\"wp-image-7477\" width=\"234\" height=\"175\" srcset=\"https:\/\/gruene-fraktion.la\/wp-content\/uploads\/2020\/05\/6_Rabl_Flyer-800x600.jpg 800w, https:\/\/gruene-fraktion.la\/wp-content\/uploads\/2020\/05\/6_Rabl_Flyer-400x300.jpg 400w, https:\/\/gruene-fraktion.la\/wp-content\/uploads\/2020\/05\/6_Rabl_Flyer-768x576.jpg 768w, https:\/\/gruene-fraktion.la\/wp-content\/uploads\/2020\/05\/6_Rabl_Flyer-1536x1152.jpg 1536w, https:\/\/gruene-fraktion.la\/wp-content\/uploads\/2020\/05\/6_Rabl_Flyer-2048x1536.jpg 2048w, https:\/\/gruene-fraktion.la\/wp-content\/uploads\/2020\/05\/6_Rabl_Flyer-150x113.jpg 150w\" sizes=\"(max-width: 234px) 100vw, 234px\" \/><\/figure>\n<\/div>\n\n\n<p>Die Stadtratsfraktion der Gr\u00fcnen folgte dieser Empfehlung und lehnte 2018 die Aufstellung eines Bebauungsplans ab. <\/p>\n\n\n\n<p>\u201eAuch wenn wir dringend Wohnraum brauchen, darf dabei die Natur nicht hintenanstehen\u201c, sagt Bausenatsmitglied Christoph Rabl, \u201ehier ist eine kluge Stadtentwicklung gefragt, die fl\u00e4chensparend Innenentwicklung vor Au\u00dfenentwicklung stellt und gleichzeitig \u00f6kologische Freir\u00e4ume sichert.\u201c<\/p>\n\n\n\n<p>Nach Meinung der Gr\u00fcnen Fraktion ist die Stadt gut beraten, die Pl\u00e4ne f\u00fcr eine Wohnbebauung der Ochsenau endg\u00fcltig aufzugeben und nach Finanzierungsalternativen f\u00fcr die millionenschwere Sanierungen des Seniorenheimes Hl-Geist-Spital zu suchen. <\/p>\n\n\n<div class=\"wp-block-image\">\n<figure class=\"alignleft size-large is-resized\"><img decoding=\"async\" src=\"https:\/\/gruene-fraktion.la\/wp-content\/uploads\/2022\/04\/22IH012sm-800x800.jpg\" alt=\"Foto Iris Haas\" class=\"wp-image-9329\" width=\"214\" height=\"214\" srcset=\"https:\/\/gruene-fraktion.la\/wp-content\/uploads\/2022\/04\/22IH012sm-800x800.jpg 800w, https:\/\/gruene-fraktion.la\/wp-content\/uploads\/2022\/04\/22IH012sm-400x400.jpg 400w, https:\/\/gruene-fraktion.la\/wp-content\/uploads\/2022\/04\/22IH012sm-150x150.jpg 150w, https:\/\/gruene-fraktion.la\/wp-content\/uploads\/2022\/04\/22IH012sm-768x768.jpg 768w, https:\/\/gruene-fraktion.la\/wp-content\/uploads\/2022\/04\/22IH012sm.jpg 1080w\" sizes=\"(max-width: 214px) 100vw, 214px\" \/><\/figure>\n<\/div>\n\n\n<p>F\u00fcr die stellvertretende Fraktionsvorsitzende Iris Haas ist es nicht nachvollziehbar, weshalb die Stiftung einen Gro\u00dfteil der Generalsanierung nicht \u00fcber Fremdkapital finanziert, sondern hierf\u00fcr Einnahmen aus den Grundst\u00fccksverk\u00e4ufen in der Ochsenau einplant. \u201eDamit wird ein Zielkonflikt \u201aArtenschutz versus das Wohl der Senior*innen in Landshut\u2018 konstruiert, der diesen beiden wichtigen Anliegen nicht gerecht wird\u201c, so Haas.<\/p>\n","protected":false},"excerpt":{"rendered":"<p>Die Stadtratsfraktion der Gr\u00fcnen begr\u00fc\u00dft die Neupositionierung des Bund Naturschutzes zur Ochsenau, in der einer Wohnbebauung eine klare Absage erteilt wird. Mit der Ank\u00fcndigung des Landesbundes f\u00fcr Vogelschutz, notfalls auch&#8230; <\/p>\n","protected":false},"author":1,"featured_media":10262,"comment_status":"open","ping_status":"open","sticky":false,"template":"","format":"standard","meta":{"_eb_attr":"","footnotes":""},"categories":[17,19],"tags":[],"class_list":["post-10258","post","type-post","status-publish","format-standard","has-post-thumbnail","hentry","category-umwelt","category-bauen-stadtentwicklung"],"_links":{"self":[{"href":"https:\/\/gruene-fraktion.la\/index.php?rest_route=\/wp\/v2\/posts\/10258","targetHints":{"allow":["GET"]}}],"collection":[{"href":"https:\/\/gruene-fraktion.la\/index.php?rest_route=\/wp\/v2\/posts"}],"about":[{"href":"https:\/\/gruene-fraktion.la\/index.php?rest_route=\/wp\/v2\/types\/post"}],"author":[{"embeddable":true,"href":"https:\/\/gruene-fraktion.la\/index.php?rest_route=\/wp\/v2\/users\/1"}],"replies":[{"embeddable":true,"href":"https:\/\/gruene-fraktion.la\/index.php?rest_route=%2Fwp%2Fv2%2Fcomments&post=10258"}],"version-history":[{"count":2,"href":"https:\/\/gruene-fraktion.la\/index.php?rest_route=\/wp\/v2\/posts\/10258\/revisions"}],"predecessor-version":[{"id":10263,"href":"https:\/\/gruene-fraktion.la\/index.php?rest_route=\/wp\/v2\/posts\/10258\/revisions\/10263"}],"wp:featuredmedia":[{"embeddable":true,"href":"https:\/\/gruene-fraktion.la\/index.php?rest_route=\/wp\/v2\/media\/10262"}],"wp:attachment":[{"href":"https:\/\/gruene-fraktion.la\/index.php?rest_route=%2Fwp%2Fv2%2Fmedia&parent=10258"}],"wp:term":[{"taxonomy":"category","embeddable":true,"href":"https:\/\/gruene-fraktion.la\/index.php?rest_route=%2Fwp%2Fv2%2Fcategories&post=10258"},{"taxonomy":"post_tag","embeddable":true,"href":"https:\/\/gruene-fraktion.la\/index.php?rest_route=%2Fwp%2Fv2%2Ftags&post=10258"}],"curies":[{"name":"wp","href":"https:\/\/api.w.org\/{rel}","templated":true}]}}