{"id":10322,"date":"2023-03-13T15:48:11","date_gmt":"2023-03-13T15:48:11","guid":{"rendered":"https:\/\/gruene-fraktion.la\/?p=10322"},"modified":"2023-03-13T15:49:14","modified_gmt":"2023-03-13T15:49:14","slug":"fussgaengerzone-neustadt-verwaltung-soll-gestalterische-moeglichkeiten-darstellen","status":"publish","type":"post","link":"https:\/\/gruene-fraktion.la\/?p=10322","title":{"rendered":"Fu\u00dfg\u00e4ngerzone Neustadt \u2013  gestalterische M\u00f6glichkeiten darstellen"},"content":{"rendered":"\n<p>Im kommenden Plenum steht das weitere Vorgehen zum B\u00fcrgerbegehren &#8222;Fu\u00dfg\u00e4ngerzone Neustadt&#8220; zur Beratung an, insbesondere also die Frage, ob der Stadtrat das B\u00fcrgerbegehren&nbsp;annimmt und damit der B\u00fcrgerentscheid entfallen kann (Art 18 a Abs. 14 Satz 1 Gemeindeordnung). Zur Beratung wird die Verwaltung &#8222;verkehrliche Auswirkungen&#8220; einer Fu\u00dfg\u00e4ngerzone darstellen. F\u00fcr die Gr\u00fcnen-Fraktion reicht das nicht aus. <\/p>\n\n\n<div class=\"wp-block-image\">\n<figure class=\"alignleft size-large is-resized\"><img fetchpriority=\"high\" decoding=\"async\" src=\"https:\/\/gruene-fraktion.la\/wp-content\/uploads\/2020\/02\/12_Keyssner_T_Flyer-800x600.jpg\" alt=\"\" class=\"wp-image-7376\" width=\"343\" height=\"257\" srcset=\"https:\/\/gruene-fraktion.la\/wp-content\/uploads\/2020\/02\/12_Keyssner_T_Flyer-800x600.jpg 800w, https:\/\/gruene-fraktion.la\/wp-content\/uploads\/2020\/02\/12_Keyssner_T_Flyer-400x300.jpg 400w, https:\/\/gruene-fraktion.la\/wp-content\/uploads\/2020\/02\/12_Keyssner_T_Flyer-768x576.jpg 768w, https:\/\/gruene-fraktion.la\/wp-content\/uploads\/2020\/02\/12_Keyssner_T_Flyer-1536x1152.jpg 1536w, https:\/\/gruene-fraktion.la\/wp-content\/uploads\/2020\/02\/12_Keyssner_T_Flyer-2048x1536.jpg 2048w, https:\/\/gruene-fraktion.la\/wp-content\/uploads\/2020\/02\/12_Keyssner_T_Flyer-150x113.jpg 150w\" sizes=\"(max-width: 343px) 100vw, 343px\" \/><figcaption class=\"wp-element-caption\">Dr. Thomas Key\u00dfner<\/figcaption><\/figure>\n<\/div>\n\n\n<p>Stadtrat Dr. Thomas Key\u00dfner: \u201eZu einer umfassenden Nutzenbetrachtung eines solchen Projektes geh\u00f6ren jedoch \u2013 unserer Einsch\u00e4tzung sogar vorrangig&nbsp; &#8211;&nbsp; weitere Aspekte, wie etwa die gestalterischen M\u00f6glichkeiten, gerade auf den sog. Multifunktionsfl\u00e4chen. Diese wurden bisher nahezu ausschlie\u00dflich als Parkpl\u00e4tze genutzt. Durch eine Umnutzung u.a. in Richtung auf mobiles Gr\u00fcn, darunter auch Schatten spendende B\u00e4ume, k\u00f6nnte das Mikroklima, und damit die Aufenthaltsqualit\u00e4t, entscheidend verbessert werden.\u201c <\/p>\n\n\n\n<p>Entsprechende \u00dcberlegungen sind im Baureferat l\u00e4ngst angestellt worden, wie in der Beratung des Verkehrssenats vom 14.06.2021 deutlich geworden ist. In der Sitzungsvorlage hat die Sanierungsstelle damals folgendes ausgef\u00fchrt:<br>&#8222;Vor dem Hintergrund der Gesamtumst\u00e4nde bietet sich die saisonal befristete Ausweisung der unteren Neustadt als Fu\u00dfg\u00e4ngerzone an. Das besondere Flair des Stra\u00dfenraums, das bisher nur an Markttagen besonders zur Geltung kommt, k\u00f6nnte bis in den Sp\u00e4tsommer hinein durchgehend die Innenstadt bereichern. (&#8230;.). Mit dem Wegfall verkehrlicher Beeintr\u00e4chtigungen erfahren Einkaufserlebnis, Flanieren und Aufenthaltsqualit\u00e4t einen deutlichen Mehrwert. Die Sitzb\u00e4nke als konsumfreie Zonen laden im verkehrsfreien Umfeld wesentlich st\u00e4rker zum Verweilen ein als neben parkenden Fahrzeugen.&#8220;<\/p>\n","protected":false},"excerpt":{"rendered":"<p>Im kommenden Plenum steht das weitere Vorgehen zum B\u00fcrgerbegehren &#8222;Fu\u00dfg\u00e4ngerzone Neustadt&#8220; zur Beratung an, insbesondere also die Frage, ob der Stadtrat das B\u00fcrgerbegehren&nbsp;annimmt und damit der B\u00fcrgerentscheid entfallen kann (Art&#8230; <\/p>\n","protected":false},"author":1,"featured_media":10323,"comment_status":"open","ping_status":"open","sticky":false,"template":"","format":"standard","meta":{"_eb_attr":"","footnotes":""},"categories":[44,8],"tags":[],"class_list":["post-10322","post","type-post","status-publish","format-standard","has-post-thumbnail","hentry","category-buergerbeteiligung","category-mobilitaet"],"_links":{"self":[{"href":"https:\/\/gruene-fraktion.la\/index.php?rest_route=\/wp\/v2\/posts\/10322","targetHints":{"allow":["GET"]}}],"collection":[{"href":"https:\/\/gruene-fraktion.la\/index.php?rest_route=\/wp\/v2\/posts"}],"about":[{"href":"https:\/\/gruene-fraktion.la\/index.php?rest_route=\/wp\/v2\/types\/post"}],"author":[{"embeddable":true,"href":"https:\/\/gruene-fraktion.la\/index.php?rest_route=\/wp\/v2\/users\/1"}],"replies":[{"embeddable":true,"href":"https:\/\/gruene-fraktion.la\/index.php?rest_route=%2Fwp%2Fv2%2Fcomments&post=10322"}],"version-history":[{"count":2,"href":"https:\/\/gruene-fraktion.la\/index.php?rest_route=\/wp\/v2\/posts\/10322\/revisions"}],"predecessor-version":[{"id":10325,"href":"https:\/\/gruene-fraktion.la\/index.php?rest_route=\/wp\/v2\/posts\/10322\/revisions\/10325"}],"wp:featuredmedia":[{"embeddable":true,"href":"https:\/\/gruene-fraktion.la\/index.php?rest_route=\/wp\/v2\/media\/10323"}],"wp:attachment":[{"href":"https:\/\/gruene-fraktion.la\/index.php?rest_route=%2Fwp%2Fv2%2Fmedia&parent=10322"}],"wp:term":[{"taxonomy":"category","embeddable":true,"href":"https:\/\/gruene-fraktion.la\/index.php?rest_route=%2Fwp%2Fv2%2Fcategories&post=10322"},{"taxonomy":"post_tag","embeddable":true,"href":"https:\/\/gruene-fraktion.la\/index.php?rest_route=%2Fwp%2Fv2%2Ftags&post=10322"}],"curies":[{"name":"wp","href":"https:\/\/api.w.org\/{rel}","templated":true}]}}