{"id":10542,"date":"2025-07-22T09:24:54","date_gmt":"2025-07-22T09:24:54","guid":{"rendered":"https:\/\/gruene-fraktion.la\/?p=10542"},"modified":"2026-01-12T11:35:47","modified_gmt":"2026-01-12T11:35:47","slug":"gasthaus-zur-insel-wie-geht-es-weiter-buergertermin-vor-ort-am-montag-28-7-25-um-17-30-uhr","status":"publish","type":"post","link":"https:\/\/gruene-fraktion.la\/?p=10542","title":{"rendered":"Gasthaus zur Insel &#8211; wie geht es weiter? B\u00fcrgertermin vor Ort am Montag 28.07.25 um 17.30 Uhr"},"content":{"rendered":"\n<p>Die M\u00fchleninsel: Fr\u00fcher war sie Industriegebiet, heute ist sie gr\u00fcn und steht allen offen &#8211; f\u00fcr alles M\u00f6gliche, von der Naherholung bis zum Kulturgenuss. So soll es bleiben, da war man sich im Rathaus einig &#8211; bis vor kurzem.<\/p>\n\n\n\n<p><br>Urpl\u00f6tzlich hat nun die Rathausspitze genau diese \u00f6ffentliche Zug\u00e4nglichkeit in Frage gestellt: das bisherige Gasthaus \u201eInsel\u201c mit seinem einmaligen Biergarten \u201ekann weg\u201c, meint sie und die Mehrheit im Bausenat hat aktuell zugestimmt: der neue Eigent\u00fcmer soll danach das Gasthaus abrei\u00dfen und stattdessen eine \u201eSeniorenresidenz\u201c bauen d\u00fcrfen.<\/p>\n\n\n\n<p><br>F\u00fcr die gr\u00fcne Stadtratsfraktion dienen diese Pl\u00e4ne nicht dem Wohl der Stadt. Sie hat sich daher gemeinsam mit den Bausenatsmitgliedern von FW und \u00d6DP an das Stadtratsplenum gewandt mit dem Antrag, den Beschluss des Bausenats aufzuheben.<\/p>\n\n\n\n<p><br>Inzwischen wird auch in der \u00d6ffentlichkeit die Zukunft der \u201eInsel\u201c lebhaft diskutiert. Und in der Tat: Gerade auf die Meinung der B\u00fcrger*innen, die sich gerne auf der \u201eInsel\u201c aufhalten, kommt es entscheidend an.<\/p>\n\n\n\n<p><br>Daher l\u00e4dt f\u00fcr die <strong>Gr\u00fcne Fraktion Christoph Rabl, Bausenatsmitglied und Oberb\u00fcrgermeisterkandidat<\/strong>, <strong>zu einem kleinen Rundgang \u00fcber Landshuts \u201egr\u00fcne Insel\u201c ein, um den Charme des Ortes gemeinsam zu erleben<\/strong>. Mit B\u00fcrger*innen, Nachbar*innen, Anwohner*innen und weiteren Mitgliedern des Bausenats, wollen wir die k\u00fcnftige Entwicklung des Gasthauses diskutieren, sowie Ideen sammeln f\u00fcr die Gestaltung der \u00f6ffentlichen Fl\u00e4chen und die bessere Zug\u00e4nglichkeit der Isar.<\/p>\n\n\n\n<p><br><strong>Das Treffen beginnt am Montag 28.07.25 um 17.30 Uhr. <\/strong><\/p>\n\n\n\n<p><strong>Treffpunkt ist die Br\u00fccke zur M\u00fchleninsel auf der Altstadtseite (vor \u201eNepomuk\u201c).<\/strong><br><\/p>\n\n\n\n<p>Wir freuen uns auf Ihre Beteiligung und Interesse!<\/p>\n\n\n\n<p><\/p>\n","protected":false},"excerpt":{"rendered":"<p>Die M\u00fchleninsel: Fr\u00fcher war sie Industriegebiet, heute ist sie gr\u00fcn und steht allen offen &#8211; f\u00fcr alles M\u00f6gliche, von der Naherholung bis zum Kulturgenuss. So soll es bleiben, da war&#8230; <\/p>\n","protected":false},"author":1,"featured_media":10541,"comment_status":"open","ping_status":"open","sticky":false,"template":"","format":"standard","meta":{"_eb_attr":"","footnotes":""},"categories":[39,44,72,4,17,20,1],"tags":[],"class_list":["post-10542","post","type-post","status-publish","format-standard","has-post-thumbnail","hentry","category-demokratie","category-buergerbeteiligung","category-stadtentwicklung","category-termine","category-umwelt","category-presse","category-uncategorized"],"_links":{"self":[{"href":"https:\/\/gruene-fraktion.la\/index.php?rest_route=\/wp\/v2\/posts\/10542","targetHints":{"allow":["GET"]}}],"collection":[{"href":"https:\/\/gruene-fraktion.la\/index.php?rest_route=\/wp\/v2\/posts"}],"about":[{"href":"https:\/\/gruene-fraktion.la\/index.php?rest_route=\/wp\/v2\/types\/post"}],"author":[{"embeddable":true,"href":"https:\/\/gruene-fraktion.la\/index.php?rest_route=\/wp\/v2\/users\/1"}],"replies":[{"embeddable":true,"href":"https:\/\/gruene-fraktion.la\/index.php?rest_route=%2Fwp%2Fv2%2Fcomments&post=10542"}],"version-history":[{"count":5,"href":"https:\/\/gruene-fraktion.la\/index.php?rest_route=\/wp\/v2\/posts\/10542\/revisions"}],"predecessor-version":[{"id":10549,"href":"https:\/\/gruene-fraktion.la\/index.php?rest_route=\/wp\/v2\/posts\/10542\/revisions\/10549"}],"wp:featuredmedia":[{"embeddable":true,"href":"https:\/\/gruene-fraktion.la\/index.php?rest_route=\/wp\/v2\/media\/10541"}],"wp:attachment":[{"href":"https:\/\/gruene-fraktion.la\/index.php?rest_route=%2Fwp%2Fv2%2Fmedia&parent=10542"}],"wp:term":[{"taxonomy":"category","embeddable":true,"href":"https:\/\/gruene-fraktion.la\/index.php?rest_route=%2Fwp%2Fv2%2Fcategories&post=10542"},{"taxonomy":"post_tag","embeddable":true,"href":"https:\/\/gruene-fraktion.la\/index.php?rest_route=%2Fwp%2Fv2%2Ftags&post=10542"}],"curies":[{"name":"wp","href":"https:\/\/api.w.org\/{rel}","templated":true}]}}