{"id":9253,"date":"2022-04-13T09:05:48","date_gmt":"2022-04-13T09:05:48","guid":{"rendered":"https:\/\/gruene-fraktion.la\/?p=9253"},"modified":"2022-04-13T09:09:59","modified_gmt":"2022-04-13T09:09:59","slug":"jetzt-doch-runder-tisch-fluechtlingshilfe","status":"publish","type":"post","link":"https:\/\/gruene-fraktion.la\/?p=9253","title":{"rendered":"Jetzt doch: Runder Tisch Fl\u00fcchtlingshilfe"},"content":{"rendered":"\n<p><em>Nach anf\u00e4nglicher Ablehnung greift die Stadt die Forderung von GR\u00dcNEN-Stadtr\u00e4tin Regine Key\u00dfner nun doch auf.<\/em> <\/p>\n\n\n\n<p>Noch vor vier Wochen fand die Verwaltung es als wenig sinnvoll, sich mit allen Organisationen aus dem Bereich der Fl\u00fcchtlingshilfe an einen Tisch zu setzen, um die Unterst\u00fctzung f\u00fcr die gefl\u00fcchteten Menschen aus der Ukraine zu koordinieren, obwohl bereits zu diesem Zeitpunkt aus den Helferorganisationen deutlich zu h\u00f6ren war, dass die Fl\u00fcchtlingshilfe vor Ort nicht gut laufe. \u201eSie bek\u00e4men keine Informationen, die gro\u00dfe Hilfsbereitschaft der Bev\u00f6lkerung werde nicht wertgesch\u00e4tzt und der Frust unter den Ehrenamtlichen sei gro\u00df\u201c, berichtet Stadtr\u00e4tin Regine Key\u00dfner aus ihren Gespr\u00e4chen mit Vertreter*innen Landshuter Hilfsorganisationen. \u201eDass die Verwaltung es dann in der Plenarsitzung im M\u00e4rz ablehnte, angesichts des Ukraine-Krieges einen Runden Tisch einzuberufen, der sich bereits 2015 bestens bew\u00e4hrt hatte, konnte nun wirklich niemand mehr nachvollziehen. Insofern begr\u00fc\u00dfe ich die &nbsp;&#8211; wenn auch sp\u00e4te &#8211; Einsicht der Verwaltung, dass ein Austausch mit den Organisationen dringend notwendig sei. Ob dieser Austausch dann unter dem Namen \u201eRunder Tisch Fl\u00fcchtlingshilfe\u201c l\u00e4uft, spielt keine Rolle, entscheidend ist, dass der Austausch regelm\u00e4\u00dfig und auf Augenh\u00f6he stattfindet.\u201c<\/p>\n","protected":false},"excerpt":{"rendered":"<p>Nach anf\u00e4nglicher Ablehnung greift die Stadt die Forderung von GR\u00dcNEN-Stadtr\u00e4tin Regine Key\u00dfner nun doch auf. Noch vor vier Wochen fand die Verwaltung es als wenig sinnvoll, sich mit allen Organisationen&#8230; <\/p>\n","protected":false},"author":1,"featured_media":9257,"comment_status":"open","ping_status":"open","sticky":false,"template":"","format":"standard","meta":{"_eb_attr":"","footnotes":""},"categories":[43],"tags":[],"class_list":["post-9253","post","type-post","status-publish","format-standard","has-post-thumbnail","hentry","category-asyl-fluechtlingspolitik"],"_links":{"self":[{"href":"https:\/\/gruene-fraktion.la\/index.php?rest_route=\/wp\/v2\/posts\/9253","targetHints":{"allow":["GET"]}}],"collection":[{"href":"https:\/\/gruene-fraktion.la\/index.php?rest_route=\/wp\/v2\/posts"}],"about":[{"href":"https:\/\/gruene-fraktion.la\/index.php?rest_route=\/wp\/v2\/types\/post"}],"author":[{"embeddable":true,"href":"https:\/\/gruene-fraktion.la\/index.php?rest_route=\/wp\/v2\/users\/1"}],"replies":[{"embeddable":true,"href":"https:\/\/gruene-fraktion.la\/index.php?rest_route=%2Fwp%2Fv2%2Fcomments&post=9253"}],"version-history":[{"count":2,"href":"https:\/\/gruene-fraktion.la\/index.php?rest_route=\/wp\/v2\/posts\/9253\/revisions"}],"predecessor-version":[{"id":9256,"href":"https:\/\/gruene-fraktion.la\/index.php?rest_route=\/wp\/v2\/posts\/9253\/revisions\/9256"}],"wp:featuredmedia":[{"embeddable":true,"href":"https:\/\/gruene-fraktion.la\/index.php?rest_route=\/wp\/v2\/media\/9257"}],"wp:attachment":[{"href":"https:\/\/gruene-fraktion.la\/index.php?rest_route=%2Fwp%2Fv2%2Fmedia&parent=9253"}],"wp:term":[{"taxonomy":"category","embeddable":true,"href":"https:\/\/gruene-fraktion.la\/index.php?rest_route=%2Fwp%2Fv2%2Fcategories&post=9253"},{"taxonomy":"post_tag","embeddable":true,"href":"https:\/\/gruene-fraktion.la\/index.php?rest_route=%2Fwp%2Fv2%2Ftags&post=9253"}],"curies":[{"name":"wp","href":"https:\/\/api.w.org\/{rel}","templated":true}]}}