{"id":9708,"date":"2022-05-03T15:39:55","date_gmt":"2022-05-03T15:39:55","guid":{"rendered":"https:\/\/gruene-fraktion.la\/?p=9708"},"modified":"2022-05-03T16:03:04","modified_gmt":"2022-05-03T16:03:04","slug":"besser-radeln-in-landshut","status":"publish","type":"post","link":"https:\/\/gruene-fraktion.la\/?p=9708","title":{"rendered":"Besser Radeln in Landshut"},"content":{"rendered":"\n<p class=\"has-text-color\" style=\"color:#46962b;font-size:26px\"><strong>Gr\u00fcne stellen Fahrradinitiative f\u00fcr ein fahrradfreundliches Landshut vor.<\/strong><\/p>\n\n\n\n<p class=\"has-medium-font-size\">Der Radverkehr ist f\u00fcr uns GR\u00dcNE ein zentraler Baustein, um den Klimawandel zu entschleunigen und Mobilit\u00e4t umweltfreundlicher und sicherer zu machen. Wir wollen den Radverkehr in Landshut st\u00e4rken, denn von der Verkehrswende mit dem Fahrrad profitieren letztlich alle: von sauberer Luft, weniger L\u00e4rm, mehr Sicherheit durch langsameren Verkehr, weniger Autos auf den Stra\u00dfen und mehr Platz im \u00f6ffentlichen Raum.<\/p>\n\n\n\n<div class=\"wp-block-image\"><figure class=\"alignleft size-full is-resized\"><img fetchpriority=\"high\" decoding=\"async\" src=\"https:\/\/gruene-fraktion.la\/wp-content\/uploads\/2022\/05\/IMG_3956-klein.jpg\" alt=\"\" class=\"wp-image-9714\" width=\"362\" height=\"222\" srcset=\"https:\/\/gruene-fraktion.la\/wp-content\/uploads\/2022\/05\/IMG_3956-klein.jpg 734w, https:\/\/gruene-fraktion.la\/wp-content\/uploads\/2022\/05\/IMG_3956-klein-400x245.jpg 400w, https:\/\/gruene-fraktion.la\/wp-content\/uploads\/2022\/05\/IMG_3956-klein-150x92.jpg 150w\" sizes=\"(max-width: 362px) 100vw, 362px\" \/><\/figure><\/div>\n\n\n\n<p class=\"has-medium-font-size\">Auf einer mobilen Pressekonferenz haben die beiden Gr\u00fcnen Stadtr\u00e4tinnen Iris Haas und Hedwig Borgmann k\u00fcrzlich die Fahrradinitiative der Fraktion &#8222;F\u00fcr ein fahrradfreundliches Landshut&#8220; vorgestellt. <\/p>\n\n\n\n<p><\/p>\n\n\n\n<p class=\"has-medium-font-size\">Sie pr\u00e4sentierten ein <a href=\"https:\/\/gruene-fraktion.la\/?page_id=9369\">Antragspaket <\/a>mit konkreten Ma\u00dfnahmen f\u00fcr eine bessere Radpolitik in Landshut pr\u00e4sentiert. Damit Radeln in Landshut attraktiver und sicherer wird und auch mehr Spa\u00df macht. <\/p>\n\n\n\n<figure class=\"wp-block-video\"><video height=\"1080\" style=\"aspect-ratio: 1920 \/ 1080;\" width=\"1920\" controls src=\"https:\/\/gruene-fraktion.la\/wp-content\/uploads\/2022\/05\/webikeLandshut_quer-1.mp4\"><\/video><\/figure>\n\n\n\n<p><\/p>\n\n\n\n<div class=\"wp-block-buttons is-horizontal is-content-justification-right is-nowrap is-layout-flex wp-container-core-buttons-is-layout-6a8d9051 wp-block-buttons-is-layout-flex\">\n<div class=\"wp-block-button\"><a class=\"wp-block-button__link has-background\" style=\"background-color:#e6007e\">Mehr zur Fahrradinitiative<\/a><\/div>\n<\/div>\n\n\n\n<p><\/p>\n","protected":false},"excerpt":{"rendered":"<p>Gr\u00fcne stellen Fahrradinitiative f\u00fcr ein fahrradfreundliches Landshut vor. Der Radverkehr ist f\u00fcr uns GR\u00dcNE ein zentraler Baustein, um den Klimawandel zu entschleunigen und Mobilit\u00e4t umweltfreundlicher und sicherer zu machen. Wir&#8230; <\/p>\n","protected":false},"author":1,"featured_media":9712,"comment_status":"open","ping_status":"open","sticky":false,"template":"","format":"standard","meta":{"_eb_attr":"","footnotes":""},"categories":[8],"tags":[49],"class_list":["post-9708","post","type-post","status-publish","format-standard","has-post-thumbnail","hentry","category-mobilitaet","tag-radverkehr"],"_links":{"self":[{"href":"https:\/\/gruene-fraktion.la\/index.php?rest_route=\/wp\/v2\/posts\/9708","targetHints":{"allow":["GET"]}}],"collection":[{"href":"https:\/\/gruene-fraktion.la\/index.php?rest_route=\/wp\/v2\/posts"}],"about":[{"href":"https:\/\/gruene-fraktion.la\/index.php?rest_route=\/wp\/v2\/types\/post"}],"author":[{"embeddable":true,"href":"https:\/\/gruene-fraktion.la\/index.php?rest_route=\/wp\/v2\/users\/1"}],"replies":[{"embeddable":true,"href":"https:\/\/gruene-fraktion.la\/index.php?rest_route=%2Fwp%2Fv2%2Fcomments&post=9708"}],"version-history":[{"count":3,"href":"https:\/\/gruene-fraktion.la\/index.php?rest_route=\/wp\/v2\/posts\/9708\/revisions"}],"predecessor-version":[{"id":9717,"href":"https:\/\/gruene-fraktion.la\/index.php?rest_route=\/wp\/v2\/posts\/9708\/revisions\/9717"}],"wp:featuredmedia":[{"embeddable":true,"href":"https:\/\/gruene-fraktion.la\/index.php?rest_route=\/wp\/v2\/media\/9712"}],"wp:attachment":[{"href":"https:\/\/gruene-fraktion.la\/index.php?rest_route=%2Fwp%2Fv2%2Fmedia&parent=9708"}],"wp:term":[{"taxonomy":"category","embeddable":true,"href":"https:\/\/gruene-fraktion.la\/index.php?rest_route=%2Fwp%2Fv2%2Fcategories&post=9708"},{"taxonomy":"post_tag","embeddable":true,"href":"https:\/\/gruene-fraktion.la\/index.php?rest_route=%2Fwp%2Fv2%2Ftags&post=9708"}],"curies":[{"name":"wp","href":"https:\/\/api.w.org\/{rel}","templated":true}]}}