{"id":9734,"date":"2022-05-10T08:58:42","date_gmt":"2022-05-10T08:58:42","guid":{"rendered":"https:\/\/gruene-fraktion.la\/?p=9734"},"modified":"2022-05-18T07:17:53","modified_gmt":"2022-05-18T07:17:53","slug":"wie-lange-soll-das-juz-noch-baustelle-sein","status":"publish","type":"post","link":"https:\/\/gruene-fraktion.la\/?p=9734","title":{"rendered":"Wie lange soll das JUZ noch Baustelle sein?"},"content":{"rendered":"\n<p>Andauernde Verz\u00f6gerungen bei den Umbau- und Renovierungsarbeiten in der Poschinger Villa lassen einen vern\u00fcnftigen Betrieb des Jugendzentrums momentan kaum zu. Dabei sei ein vielf\u00e4ltiges Angebot f\u00fcr die Jugendlichen gerade jetzt, nach einer so langen pandemiebedingten Zeit der Isolation, enorm wichtig, sagt Gr\u00fcnen-Stadtrat Pascal Pohl: \u201eDie Jugendlichen brauchen gerade jetzt einen Ort, wo sie hingehen k\u00f6nnen, Freunde treffen und ihre Interessen ausleben k\u00f6nnen. Es wird Zeit, dass dieser Ort wieder die Poschinger Villa sein kann, die zwar ge\u00f6ffnet hat, aber wegen der Baustelle kaum nutzbar ist.\u201c Mit einem umfangreichen <a href=\"https:\/\/gruene-fraktion.la\/wp-content\/uploads\/2022\/05\/2022-05-10_B-Antrag_Stand-der-Baumassnahmen-im-Jugendzentrum-Poschinger-Villa.pdf\">Fragenkatalog <\/a>haben Pohl und sein Fraktionskollege Tobias Weger-Behl sich nun an den Stadtrat gewandt und beantragt, dass die Verwaltung im n\u00e4chsten Jugendhilfeausschuss dar\u00fcber berichtet, weshalb es \u00fcberhaupt zu derartigen Verz\u00f6gerungen bei den Umbauarbeiten kam und wann mit einer vern\u00fcnftigen Nutzung des Jugendzentrums wieder zu rechnen ist.<\/p>\n\n\n\n<p>\u201eGerade in der Jugendarbeit wird es nach der Pandemie schwer sein, das wieder aufzuholen, was verloren gegangen ist. Und f\u00fcr die Jugendlichen ist nichts mehr so wie es war.&nbsp; Eine R\u00fcckkehr der Jugendlichen ins JUZ durch Baustellenbetrieb zu erschweren, ist wirklich bedenklich. Die Bauma\u00dfnahmen m\u00fcssen deshalb z\u00fcgig abgeschlossen werden,\u201c fordert Gr\u00fcnen-Stadtrat Weger-Behl.<\/p>\n","protected":false},"excerpt":{"rendered":"<p>Andauernde Verz\u00f6gerungen bei den Umbau- und Renovierungsarbeiten in der Poschinger Villa lassen einen vern\u00fcnftigen Betrieb des Jugendzentrums momentan kaum zu. Dabei sei ein vielf\u00e4ltiges Angebot f\u00fcr die Jugendlichen gerade jetzt,&#8230; <\/p>\n","protected":false},"author":1,"featured_media":9793,"comment_status":"open","ping_status":"open","sticky":false,"template":"","format":"standard","meta":{"_eb_attr":"","footnotes":""},"categories":[12],"tags":[],"class_list":["post-9734","post","type-post","status-publish","format-standard","has-post-thumbnail","hentry","category-jugend"],"_links":{"self":[{"href":"https:\/\/gruene-fraktion.la\/index.php?rest_route=\/wp\/v2\/posts\/9734","targetHints":{"allow":["GET"]}}],"collection":[{"href":"https:\/\/gruene-fraktion.la\/index.php?rest_route=\/wp\/v2\/posts"}],"about":[{"href":"https:\/\/gruene-fraktion.la\/index.php?rest_route=\/wp\/v2\/types\/post"}],"author":[{"embeddable":true,"href":"https:\/\/gruene-fraktion.la\/index.php?rest_route=\/wp\/v2\/users\/1"}],"replies":[{"embeddable":true,"href":"https:\/\/gruene-fraktion.la\/index.php?rest_route=%2Fwp%2Fv2%2Fcomments&post=9734"}],"version-history":[{"count":2,"href":"https:\/\/gruene-fraktion.la\/index.php?rest_route=\/wp\/v2\/posts\/9734\/revisions"}],"predecessor-version":[{"id":9813,"href":"https:\/\/gruene-fraktion.la\/index.php?rest_route=\/wp\/v2\/posts\/9734\/revisions\/9813"}],"wp:featuredmedia":[{"embeddable":true,"href":"https:\/\/gruene-fraktion.la\/index.php?rest_route=\/wp\/v2\/media\/9793"}],"wp:attachment":[{"href":"https:\/\/gruene-fraktion.la\/index.php?rest_route=%2Fwp%2Fv2%2Fmedia&parent=9734"}],"wp:term":[{"taxonomy":"category","embeddable":true,"href":"https:\/\/gruene-fraktion.la\/index.php?rest_route=%2Fwp%2Fv2%2Fcategories&post=9734"},{"taxonomy":"post_tag","embeddable":true,"href":"https:\/\/gruene-fraktion.la\/index.php?rest_route=%2Fwp%2Fv2%2Ftags&post=9734"}],"curies":[{"name":"wp","href":"https:\/\/api.w.org\/{rel}","templated":true}]}}