{"id":9832,"date":"2022-06-03T08:33:16","date_gmt":"2022-06-03T08:33:16","guid":{"rendered":"https:\/\/gruene-fraktion.la\/?p=9832"},"modified":"2022-06-03T08:49:48","modified_gmt":"2022-06-03T08:49:48","slug":"landshut-auf-dem-weg-zur-kinderfreundlichen-kommune","status":"publish","type":"post","link":"https:\/\/gruene-fraktion.la\/?p=9832","title":{"rendered":"Landshut auf dem Weg zur kinderfreundlichen Kommune"},"content":{"rendered":"\n<p>Am heutigen Freitag wird im Stadtrat der Aktionsplan \u201ekinderfreundliche Kommune\u201c verabschiedet, mit dem sich Landshut verpflichtet, die Rechte und Interessen von Kindern und Jugendlichen vor Ort zu st\u00e4rken. Mit diesem Aktionsplan, unterstreicht die Stadt ihren festen Willen, die Bed\u00fcrfnisse und Lebensbedingungen von Kindern und Jugendlichen noch st\u00e4rker in den Blick zu nehmen, kinderfreundliche Rahmenbedingungen zu schaffen und nachhaltige Strukturen zu etablieren, um Kinder und Jugendliche bei allen Entscheidungsprozessen einzubeziehen, die sie betreffen.<\/p>\n\n\n\n<div class=\"wp-block-columns alignwide is-layout-flex wp-container-core-columns-is-layout-9d6595d7 wp-block-columns-is-layout-flex\">\n<div class=\"wp-block-column is-layout-flow wp-block-column-is-layout-flow\" style=\"flex-basis:30%\">\n<figure class=\"wp-block-video\"><video height=\"1920\" style=\"aspect-ratio: 1080 \/ 1920;\" width=\"1080\" autoplay controls preload=\"auto\" src=\"https:\/\/gruene-fraktion.la\/wp-content\/uploads\/2022\/06\/Tobi-3.mp4\"><\/video><figcaption><sup>Tobias Weger-Behl<\/sup><\/figcaption><\/figure>\n<\/div>\n\n\n\n<div class=\"wp-block-column is-layout-flow wp-block-column-is-layout-flow\" style=\"flex-basis:50%\">\n<p class=\"has-black-color has-text-color\">F\u00fcr Gr\u00fcnen-Stadtrat Tobias Weger-Behl ist die Beteiligung von Kindern und Jugendlichen bei der Gestaltung ihres Lebensumfeldes ein wesentliches Element einer kinderfreundlichen Stadt, denn Kinder und Jugendliche sind \u201eExpertinnen und Experten in eigener Sache\u201c und wissen am besten, was ihre Bed\u00fcrfnisse und W\u00fcnsche sind.  Laut Aktionsplan sollen Kinder und Jugendliche bei der Gestaltung von Spielpl\u00e4tzen, Bolzpl\u00e4tzen, allgemeinen Freizeitfl\u00e4chen und auch bei Schulen k\u00fcnftig nicht nur mitreden, sondern aktiv mitgestalten k\u00f6nnen. So ist in den kommenden zwei Jahren ein Beteiligungs-projekt zur Sanierung des Spielplatzes Mitterw\u00f6hr angedacht. Nach Ansicht von Tobias Weger-Behl bietet sich aber auch bereits bei der anstehenden Neugestaltung des Stadtparkes Mitte, wo aktuell noch die Container der Walddorfschule stehen, eine gute Gelegenheit, \u201ekinderfreundliche Kommune\u201c zu leben und ein spezielles Beteiligungsprojekt f\u00fcr Kinder und Jugendliche aufzusetzen. <\/p>\n<\/div>\n<\/div>\n\n\n\n<p>Wie die Bestandsaufnahme im Rahmen der Erstellung des Aktionsplans zeigte, sind die kinderfreundlichen Rahmenbedingungen in Landshut noch deutlich ausbauf\u00e4hig. \u201ePartizipation ist eine der grundlegenden S\u00e4ulen einer kinderfreundlichen Kommune. Eine wichtige und l\u00e4ngst \u00fcberf\u00e4llige Ma\u00dfnahme aus dem Aktionsplan, ist f\u00fcr mich daher die Schaffung einer Jugendinteressenvertretung in Form eines Jugendbeirats, die mit Antragsrecht und einem eigenen Etat ausgestattet sein soll\u201c, so Pascal Pohl, Mitglied im Jugendhilfeausschuss.<\/p>\n\n\n\n<div class=\"wp-block-media-text alignwide has-media-on-the-right is-stacked-on-mobile\" style=\"grid-template-columns:auto 30%\"><figure class=\"wp-block-media-text__media\"><video controls src=\"https:\/\/gruene-fraktion.la\/wp-content\/uploads\/2022\/06\/Pascal-Video.mp4\"><\/video><\/figure><div class=\"wp-block-media-text__content\">\n<p style=\"font-size:18px\">Wie die Bestandsaufnahme im Rahmen der Erstellung des Aktionsplans zeigte, sind die kinderfreundlichen Rahmenbedingungen in Landshut noch deutlich ausbauf\u00e4hig. \u201ePartizipation ist eine der grundlegenden S\u00e4ulen einer kinderfreundlichen Kommune. Eine wichtige und l\u00e4ngst \u00fcberf\u00e4llige Ma\u00dfnahme aus dem Aktionsplan, ist f\u00fcr mich daher die Schaffung einer Jugendinteressenvertretung in Form eines Jugendbeirats, die mit Antragsrecht und einem eigenen Etat ausgestattet sein soll\u201c, so Pascal Pohl, Mitglied im Jugendhilfeausschuss.<\/p>\n<\/div><\/div>\n\n\n\n<p>Nach der Verabschiedung des Aktionsplans im Stadtrat soll im Juli dieses Jahres die feierliche Siegel\u00fcbergabe stattfinden, bevor es in eine dreij\u00e4hrige Umsetzungsphase geht.<\/p>\n","protected":false},"excerpt":{"rendered":"<p>Am heutigen Freitag wird im Stadtrat der Aktionsplan \u201ekinderfreundliche Kommune\u201c verabschiedet, mit dem sich Landshut verpflichtet, die Rechte und Interessen von Kindern und Jugendlichen vor Ort zu st\u00e4rken. Mit diesem&#8230; <\/p>\n","protected":false},"author":1,"featured_media":9844,"comment_status":"open","ping_status":"open","sticky":false,"template":"","format":"standard","meta":{"_eb_attr":"","footnotes":""},"categories":[39,12],"tags":[52],"class_list":["post-9832","post","type-post","status-publish","format-standard","has-post-thumbnail","hentry","category-demokratie","category-jugend","tag-kinder"],"_links":{"self":[{"href":"https:\/\/gruene-fraktion.la\/index.php?rest_route=\/wp\/v2\/posts\/9832","targetHints":{"allow":["GET"]}}],"collection":[{"href":"https:\/\/gruene-fraktion.la\/index.php?rest_route=\/wp\/v2\/posts"}],"about":[{"href":"https:\/\/gruene-fraktion.la\/index.php?rest_route=\/wp\/v2\/types\/post"}],"author":[{"embeddable":true,"href":"https:\/\/gruene-fraktion.la\/index.php?rest_route=\/wp\/v2\/users\/1"}],"replies":[{"embeddable":true,"href":"https:\/\/gruene-fraktion.la\/index.php?rest_route=%2Fwp%2Fv2%2Fcomments&post=9832"}],"version-history":[{"count":6,"href":"https:\/\/gruene-fraktion.la\/index.php?rest_route=\/wp\/v2\/posts\/9832\/revisions"}],"predecessor-version":[{"id":9843,"href":"https:\/\/gruene-fraktion.la\/index.php?rest_route=\/wp\/v2\/posts\/9832\/revisions\/9843"}],"wp:featuredmedia":[{"embeddable":true,"href":"https:\/\/gruene-fraktion.la\/index.php?rest_route=\/wp\/v2\/media\/9844"}],"wp:attachment":[{"href":"https:\/\/gruene-fraktion.la\/index.php?rest_route=%2Fwp%2Fv2%2Fmedia&parent=9832"}],"wp:term":[{"taxonomy":"category","embeddable":true,"href":"https:\/\/gruene-fraktion.la\/index.php?rest_route=%2Fwp%2Fv2%2Fcategories&post=9832"},{"taxonomy":"post_tag","embeddable":true,"href":"https:\/\/gruene-fraktion.la\/index.php?rest_route=%2Fwp%2Fv2%2Ftags&post=9832"}],"curies":[{"name":"wp","href":"https:\/\/api.w.org\/{rel}","templated":true}]}}